{"id":496,"date":"2021-01-17T20:05:56","date_gmt":"2021-01-17T19:05:56","guid":{"rendered":"https:\/\/jossefiskarna.se\/?p=496"},"modified":"2021-01-17T20:15:08","modified_gmt":"2021-01-17T19:15:08","slug":"angaende-vinterns-tavlingsverksamhet","status":"publish","type":"post","link":"https:\/\/jossefiskarna.se\/?p=496","title":{"rendered":"Ang\u00e5ende vinterns t\u00e4vlingsverksamhet."},"content":{"rendered":"\n<p>Med h\u00e4nvisning till Folkh\u00e4lsomydighetens rekommendationer samt information fr\u00e5n Sportfiskarna att 2022 \u00e5rs SM i pimpel och mormyska kommer arrangeras som \u00f6ppna t\u00e4vlingar har styrelsen i v\u00e4rmlandsdistriktet beslutat g\u00e5 ut med f\u00f6ljande krav och rekommendationer.<\/p>\n\n\n\n<ul><li>Alla \u00f6ppna t\u00e4vlingar inklusive DM-cuper st\u00e4lls in<\/li><li>Vi l\u00e4mnar \u00f6ppet f\u00f6r eventuella \u00e4ndringar om l\u00e4ttnader ges fr\u00e5n Folkh\u00e4lsomyndigheten.<\/li><li>Vi l\u00e4mnar \u00f6ppet f\u00f6r ett eventuellt DM om m\u00f6jlighet finns senare under s\u00e4songen samma g\u00e4ller f\u00f6r KM<\/li><li>Vi rekommenderar att \u00e4ven klubbt\u00e4vlingar undviks<\/li><li><\/li><li>H\u00e4lsningar <\/li><li>Styrelsen Sportfiskarna V\u00e4rmland<\/li><li><strong>PS! Se upp f\u00f6r d\u00e5liga isar DS<\/strong><\/li><\/ul>\n\n\n\n<p><\/p>\n","protected":false},"excerpt":{"rendered":"<p>Med h\u00e4nvisning till Folkh\u00e4lsomydighetens rekommendationer samt information fr\u00e5n Sportfiskarna att 2022 \u00e5rs SM i pimpel och mormyska kommer arrangeras som \u00f6ppna t\u00e4vlingar har styrelsen i v\u00e4rmlandsdistriktet beslutat g\u00e5 ut med f\u00f6ljande krav och rekommendationer. Alla \u00f6ppna t\u00e4vlingar inklusive DM-cuper st\u00e4lls in Vi l\u00e4mnar \u00f6ppet f\u00f6r eventuella \u00e4ndringar om l\u00e4ttnader ges fr\u00e5n Folkh\u00e4lsomyndigheten. Vi l\u00e4mnar \u00f6ppet &hellip; <\/p>\n<p class=\"link-more\"><a href=\"https:\/\/jossefiskarna.se\/?p=496\" class=\"more-link\">Forts\u00e4tt l\u00e4sa<span class=\"screen-reader-text\"> \u201dAng\u00e5ende vinterns t\u00e4vlingsverksamhet.\u201d<\/span><\/a><\/p>\n","protected":false},"author":1,"featured_media":0,"comment_status":"open","ping_status":"open","sticky":false,"template":"","format":"standard","meta":{"spay_email":"","jetpack_publicize_message":""},"categories":[1],"tags":[],"jetpack_featured_media_url":"","jetpack_publicize_connections":[],"jetpack_sharing_enabled":true,"jetpack_shortlink":"https:\/\/wp.me\/paygpm-80","_links":{"self":[{"href":"https:\/\/jossefiskarna.se\/index.php?rest_route=\/wp\/v2\/posts\/496"}],"collection":[{"href":"https:\/\/jossefiskarna.se\/index.php?rest_route=\/wp\/v2\/posts"}],"about":[{"href":"https:\/\/jossefiskarna.se\/index.php?rest_route=\/wp\/v2\/types\/post"}],"author":[{"embeddable":true,"href":"https:\/\/jossefiskarna.se\/index.php?rest_route=\/wp\/v2\/users\/1"}],"replies":[{"embeddable":true,"href":"https:\/\/jossefiskarna.se\/index.php?rest_route=%2Fwp%2Fv2%2Fcomments&post=496"}],"version-history":[{"count":2,"href":"https:\/\/jossefiskarna.se\/index.php?rest_route=\/wp\/v2\/posts\/496\/revisions"}],"predecessor-version":[{"id":498,"href":"https:\/\/jossefiskarna.se\/index.php?rest_route=\/wp\/v2\/posts\/496\/revisions\/498"}],"wp:attachment":[{"href":"https:\/\/jossefiskarna.se\/index.php?rest_route=%2Fwp%2Fv2%2Fmedia&parent=496"}],"wp:term":[{"taxonomy":"category","embeddable":true,"href":"https:\/\/jossefiskarna.se\/index.php?rest_route=%2Fwp%2Fv2%2Fcategories&post=496"},{"taxonomy":"post_tag","embeddable":true,"href":"https:\/\/jossefiskarna.se\/index.php?rest_route=%2Fwp%2Fv2%2Ftags&post=496"}],"curies":[{"name":"wp","href":"https:\/\/api.w.org\/{rel}","templated":true}]}}